{"id":342,"date":"2020-04-30T09:51:41","date_gmt":"2020-04-30T09:51:41","guid":{"rendered":"https:\/\/dentistafigueres.com\/reobertura-clinica-dental-covid-19\/"},"modified":"2020-06-04T21:08:00","modified_gmt":"2020-06-04T21:08:00","slug":"reapertura-clinica-dental-covid-19","status":"publish","type":"post","link":"https:\/\/dentistafigueres.com\/es\/reapertura-clinica-dental-covid-19\/","title":{"rendered":"Reapertura gradual de la cl\u00ednica dental ante la COVID-19"},"content":{"rendered":"<p>Ante la reapertura gradual de la cl\u00ednica dental en el escenario de pandemia de la COVID-19, y de acuerdo a lo indicado por el Ministerio de Sanidad, <strong>en Centro de Odontolog\u00eda General nos preparamos para la vuelta<\/strong>. Por este motivo, hacemos llegar a nuestros pacientes y amigos, un conjunto de \u00abtips\u00bb que nos facilitar\u00e1n a todos la transici\u00f3n a una nueva normalidad.<\/p>\n<p>En las fases iniciales de la reincorporaci\u00f3n <strong>seguiremos realizando un triaje telef\u00f3nico con el fin de conocer el motivo de la consulta del paciente<\/strong> y si es un tratamiento urgente o electivo. Para facilitar este procedimiento es importante tener en cuenta algunas de las cuestiones que planteamos a continuaci\u00f3n.<\/p>\n<p>&nbsp;<\/p>\n<div id=\"ez-toc-container\" class=\"ez-toc-v2_0_79_2 counter-hierarchy ez-toc-counter ez-toc-grey ez-toc-container-direction\">\n<p class=\"ez-toc-title\" style=\"cursor:inherit\">Taula de continguts<\/p>\n<label for=\"ez-toc-cssicon-toggle-item-69f31bbfbed1c\" class=\"ez-toc-cssicon-toggle-label\"><span class=\"\"><span class=\"eztoc-hide\" style=\"display:none;\">Toggle<\/span><span class=\"ez-toc-icon-toggle-span\"><svg style=\"fill: #999;color:#999\" xmlns=\"http:\/\/www.w3.org\/2000\/svg\" class=\"list-377408\" width=\"20px\" height=\"20px\" viewBox=\"0 0 24 24\" fill=\"none\"><path d=\"M6 6H4v2h2V6zm14 0H8v2h12V6zM4 11h2v2H4v-2zm16 0H8v2h12v-2zM4 16h2v2H4v-2zm16 0H8v2h12v-2z\" fill=\"currentColor\"><\/path><\/svg><svg style=\"fill: #999;color:#999\" class=\"arrow-unsorted-368013\" xmlns=\"http:\/\/www.w3.org\/2000\/svg\" width=\"10px\" height=\"10px\" viewBox=\"0 0 24 24\" version=\"1.2\" baseProfile=\"tiny\"><path d=\"M18.2 9.3l-6.2-6.3-6.2 6.3c-.2.2-.3.4-.3.7s.1.5.3.7c.2.2.4.3.7.3h11c.3 0 .5-.1.7-.3.2-.2.3-.5.3-.7s-.1-.5-.3-.7zM5.8 14.7l6.2 6.3 6.2-6.3c.2-.2.3-.5.3-.7s-.1-.5-.3-.7c-.2-.2-.4-.3-.7-.3h-11c-.3 0-.5.1-.7.3-.2.2-.3.5-.3.7s.1.5.3.7z\"\/><\/svg><\/span><\/span><\/label><input type=\"checkbox\"  id=\"ez-toc-cssicon-toggle-item-69f31bbfbed1c\"  aria-label=\"Alternar\" \/><nav><ul class='ez-toc-list ez-toc-list-level-1 ' ><li class='ez-toc-page-1 ez-toc-heading-level-2'><a class=\"ez-toc-link ez-toc-heading-1\" href=\"https:\/\/dentistafigueres.com\/es\/reapertura-clinica-dental-covid-19\/#%C2%BFQue_debo_hacer_si_tengo_dolor_en_una_muela_o_un_diente\" >\u00bfQu\u00e9 debo hacer si tengo dolor en una muela o un diente?<\/a><ul class='ez-toc-list-level-3' ><li class='ez-toc-heading-level-3'><a class=\"ez-toc-link ez-toc-heading-2\" href=\"https:\/\/dentistafigueres.com\/es\/reapertura-clinica-dental-covid-19\/#%C2%BFQue_instrucciones_debes_seguir_para_venir_a_la_consulta_dental\" >\u00bfQu\u00e9 instrucciones debes seguir para venir a la consulta dental?<\/a><\/li><li class='ez-toc-page-1 ez-toc-heading-level-3'><a class=\"ez-toc-link ez-toc-heading-3\" href=\"https:\/\/dentistafigueres.com\/es\/reapertura-clinica-dental-covid-19\/#%C2%BFQue_medidas_tomaremos_en_nuestra_clinica_dental\" >\u00bfQu\u00e9 medidas tomaremos en nuestra cl\u00ednica dental?<\/a><\/li><\/ul><\/li><\/ul><\/nav><\/div>\n<h2><span class=\"ez-toc-section\" id=\"%C2%BFQue_debo_hacer_si_tengo_dolor_en_una_muela_o_un_diente\"><\/span>\u00bfQu\u00e9 debo hacer si tengo dolor en una muela o un diente?<span class=\"ez-toc-section-end\"><\/span><\/h2>\n<p><img loading=\"lazy\" decoding=\"async\" class=\"alignnone wp-image-356 size-full\" src=\"https:\/\/dentistafigueres.com\/wp-content\/uploads\/2020\/04\/dolor-dental.png\" alt=\"dolor dental\" width=\"1280\" height=\"614\" srcset=\"https:\/\/dentistafigueres.com\/wp-content\/uploads\/2020\/04\/dolor-dental.png 1280w, https:\/\/dentistafigueres.com\/wp-content\/uploads\/2020\/04\/dolor-dental-980x470.png 980w, https:\/\/dentistafigueres.com\/wp-content\/uploads\/2020\/04\/dolor-dental-480x230.png 480w\" sizes=\"(min-width: 0px) and (max-width: 480px) 480px, (min-width: 481px) and (max-width: 980px) 980px, (min-width: 981px) 1280px, 100vw\" \/><\/p>\n<p>Si tienes dolor en una muela o diente lo primero que debes hacer es <a href=\"http:\/\/www.centreodontologiageneralfigueres.com\/es\/\">contactar con nosotros<\/a>. Te haremos una serie de preguntas para conocer el tipo de dolor que tienes; si es un dolor pulsativo y constante, si aumenta cuando bebes o comes algo, o aumenta por la noche, o bien si duele cuando muerdes.<\/p>\n<p>En este caso, podremos saber y diferenciar si se trata de un <a href=\"https:\/\/dentistafigueres.com\">dolor asociado a la sensibilidad dental<\/a>, una pulpitis (inflamaci\u00f3n del nervio del diente), un proceso de caries, una fractura dental o un problema periodontal (afecci\u00f3n de las enc\u00edas).<\/p>\n<p>De este modo podremos aconsejaros facilitando la pauta de tratamiento farmacol\u00f3gico a seguir o bien concretando una cita para realizar el procedimiento dental pertinente.<\/p>\n<p>&nbsp;<\/p>\n<h3><span class=\"ez-toc-section\" id=\"%C2%BFQue_instrucciones_debes_seguir_para_venir_a_la_consulta_dental\"><\/span>\u00bfQu\u00e9 instrucciones debes seguir para venir a la consulta dental?<span class=\"ez-toc-section-end\"><\/span><\/h3>\n<p>&nbsp;<\/p>\n<ul>\n<li>Acceder solo a la consulta (excepto menores de edad o personas que requieran ayuda).<\/li>\n<li>No se aconseja llevar pendientes, colgantes o anillos (el virus persiste en superficies met\u00e1licas de 2 a 3 d\u00edas).<\/li>\n<li>Llegar a la consulta de forma puntual (evitar esperas innecesarias y cruce de pacientes en la sala de espera).<\/li>\n<li>En la cl\u00ednica, debes mantener una distancia de seguridad de 2 metros.<\/li>\n<li>Al llegar a la cl\u00ednica te pediremos que realices una desinfecci\u00f3n de manos con gel hidroalcoh\u00f3lico que nosotros mismos proporcionaremos.<\/li>\n<li>Desde la llegada a la consulta, tendr\u00e1s que permanecer en la sala de espera y evitar desplazamientos por el interior del centro.<\/li>\n<li>El pago es preferible que se realize con tarjeta o transferencia bancaria para evitar riesgos de contaminaci\u00f3n.<\/li>\n<\/ul>\n<p>&nbsp;<\/p>\n<h3><span class=\"ez-toc-section\" id=\"%C2%BFQue_medidas_tomaremos_en_nuestra_clinica_dental\"><\/span>\u00bfQu\u00e9 medidas tomaremos en nuestra cl\u00ednica dental?<span class=\"ez-toc-section-end\"><\/span><\/h3>\n<p>En nuestro centro hemos trabajado para poder ofrecer una atenci\u00f3n segura a todos nuestros pacientes. Nuestro personal ha realizado la formaci\u00f3n adecuada para poder desarrollar los procedimientos dentales en este periodo postepid\u00e9mico. Adem\u00e1s, hemos adaptado el centro siguiendo las medidas de prevenci\u00f3n propuestas por el COEC.<\/p>\n<p>A continuaci\u00f3n os informamos de las medidas tomadas antes de abrir de nuevo las puertas en nuestra cl\u00ednica dental:<\/p>\n<ul>\n<li>Control de la agenda y reducci\u00f3n del volumen de pacientes. Evitando cruces y aglomeraciones en la sala de espera.<\/li>\n<li>Limpieza y desinfecci\u00f3n de las superficies de la cl\u00ednica de forma regular, entre pacientes, siguiendo las recomendaciones.<\/li>\n<li>Protocolo de desinfecci\u00f3n del aire entre pacientes.<\/li>\n<li>Proporcionaremos desinfectante de manos antes de entrar en la sala. Para acceder al box facilitaremos protecci\u00f3n ocular y pe\u00facos.<\/li>\n<li>Antes de iniciar cualquier procedimiento el paciente tomar\u00e1 una soluci\u00f3n de per\u00f3xido o yodo, de eficacia demostrada para reducir la carga viral.<\/li>\n<li>El personal de la cl\u00ednica ir\u00e1 protegido con los EPIS para poder trabajar de forma segura.<\/li>\n<li>Es importante que el paciente se lave las manos con agua y jab\u00f3n antes y despu\u00e9s de visitar la cl\u00ednica.<\/li>\n<\/ul>\n<p>&nbsp;<\/p>\n<p>Recordad que nuestra cl\u00ednica dental mantiene la atenci\u00f3n telef\u00f3nica a trav\u00e9s del tel\u00e9fono 972 510 328, o bien v\u00eda WhatsApp al 683 625 379, para responder a vuestras urgencias.<\/p>\n<p>&nbsp;<\/p>\n","protected":false},"excerpt":{"rendered":"<p>Ante la reapertura gradual de la cl&iacute;nica dental en el escenario de pandemia de la COVID-19, y de acuerdo a lo indicado por el Ministerio de Sanidad, en Centro de Odontolog&iacute;a General nos preparamos para la vuelta. Por este motivo, hacemos llegar a nuestros pacientes y amigos, un conjunto de &laquo;tips&raquo; que nos facilitar&aacute;n a [&hellip;]<\/p>\n","protected":false},"author":1,"featured_media":333,"comment_status":"open","ping_status":"open","sticky":false,"template":"","format":"standard","meta":{"_et_pb_use_builder":"","_et_pb_old_content":"","_et_gb_content_width":"","footnotes":""},"categories":[19],"tags":[],"class_list":["post-342","post","type-post","status-publish","format-standard","has-post-thumbnail","hentry","category-odontologia-general-es"],"yoast_head":"<!-- This site is optimized with the Yoast SEO plugin v27.5 - https:\/\/yoast.com\/product\/yoast-seo-wordpress\/ -->\n<title>Cl\u00ednica dental en Figueres: reapertura gradual ante la COVID-19<\/title>\n<meta name=\"description\" content=\"Nuestra cl\u00ednica dental se prepara para la vuelta. Por este motivo, hacemos llegar a nuestros pacientes y amigos un conjunto de &quot;tips&quot; para la reapertura.\" \/>\n<meta name=\"robots\" content=\"index, follow, max-snippet:-1, max-image-preview:large, max-video-preview:-1\" \/>\n<link rel=\"canonical\" href=\"https:\/\/dentistafigueres.com\/es\/reapertura-clinica-dental-covid-19\/\" \/>\n<meta property=\"og:locale\" content=\"es_ES\" \/>\n<meta property=\"og:type\" content=\"article\" \/>\n<meta property=\"og:title\" content=\"Cl\u00ednica dental en Figueres: reapertura gradual ante la COVID-19\" \/>\n<meta property=\"og:description\" content=\"Nuestra cl\u00ednica dental se prepara para la vuelta. Por este motivo, hacemos llegar a nuestros pacientes y amigos un conjunto de &quot;tips&quot; para la reapertura.\" \/>\n<meta property=\"og:url\" content=\"https:\/\/dentistafigueres.com\/es\/reapertura-clinica-dental-covid-19\/\" \/>\n<meta property=\"og:site_name\" content=\"Cl\u00ednica Dental Integral\" \/>\n<meta property=\"article:published_time\" content=\"2020-04-30T09:51:41+00:00\" \/>\n<meta property=\"article:modified_time\" content=\"2020-06-04T21:08:00+00:00\" \/>\n<meta property=\"og:image\" content=\"https:\/\/dentistafigueres.com\/wp-content\/uploads\/2020\/05\/clinica-dental-figueres.jpg\" \/>\n\t<meta property=\"og:image:width\" content=\"512\" \/>\n\t<meta property=\"og:image:height\" content=\"384\" \/>\n\t<meta property=\"og:image:type\" content=\"image\/jpeg\" \/>\n<meta name=\"author\" content=\"Centre d&#039;Odontologia General Figueres\" \/>\n<meta name=\"twitter:card\" content=\"summary_large_image\" \/>\n<meta name=\"twitter:label1\" content=\"Escrito por\" \/>\n\t<meta name=\"twitter:data1\" content=\"Centre d&#039;Odontologia General Figueres\" \/>\n\t<meta name=\"twitter:label2\" content=\"Tiempo de lectura\" \/>\n\t<meta name=\"twitter:data2\" content=\"3 minutos\" \/>\n<script type=\"application\/ld+json\" class=\"yoast-schema-graph\">{\"@context\":\"https:\\\/\\\/schema.org\",\"@graph\":[{\"@type\":\"Article\",\"@id\":\"https:\\\/\\\/dentistafigueres.com\\\/es\\\/reapertura-clinica-dental-covid-19\\\/#article\",\"isPartOf\":{\"@id\":\"https:\\\/\\\/dentistafigueres.com\\\/es\\\/reapertura-clinica-dental-covid-19\\\/\"},\"author\":{\"name\":\"Centre d'Odontologia General Figueres\",\"@id\":\"https:\\\/\\\/dentistafigueres.com\\\/es\\\/#\\\/schema\\\/person\\\/a4f9c2ee29c0eb7208e573207ddcb631\"},\"headline\":\"Reapertura gradual de la cl\u00ednica dental ante la COVID-19\",\"datePublished\":\"2020-04-30T09:51:41+00:00\",\"dateModified\":\"2020-06-04T21:08:00+00:00\",\"mainEntityOfPage\":{\"@id\":\"https:\\\/\\\/dentistafigueres.com\\\/es\\\/reapertura-clinica-dental-covid-19\\\/\"},\"wordCount\":649,\"commentCount\":0,\"publisher\":{\"@id\":\"https:\\\/\\\/dentistafigueres.com\\\/es\\\/#organization\"},\"image\":{\"@id\":\"https:\\\/\\\/dentistafigueres.com\\\/es\\\/reapertura-clinica-dental-covid-19\\\/#primaryimage\"},\"thumbnailUrl\":\"https:\\\/\\\/dentistafigueres.com\\\/wp-content\\\/uploads\\\/2020\\\/05\\\/clinica-dental-figueres.jpg\",\"articleSection\":[\"Odontologia general\"],\"inLanguage\":\"es\"},{\"@type\":\"WebPage\",\"@id\":\"https:\\\/\\\/dentistafigueres.com\\\/es\\\/reapertura-clinica-dental-covid-19\\\/\",\"url\":\"https:\\\/\\\/dentistafigueres.com\\\/es\\\/reapertura-clinica-dental-covid-19\\\/\",\"name\":\"Cl\u00ednica dental en Figueres: reapertura gradual ante la COVID-19\",\"isPartOf\":{\"@id\":\"https:\\\/\\\/dentistafigueres.com\\\/es\\\/#website\"},\"primaryImageOfPage\":{\"@id\":\"https:\\\/\\\/dentistafigueres.com\\\/es\\\/reapertura-clinica-dental-covid-19\\\/#primaryimage\"},\"image\":{\"@id\":\"https:\\\/\\\/dentistafigueres.com\\\/es\\\/reapertura-clinica-dental-covid-19\\\/#primaryimage\"},\"thumbnailUrl\":\"https:\\\/\\\/dentistafigueres.com\\\/wp-content\\\/uploads\\\/2020\\\/05\\\/clinica-dental-figueres.jpg\",\"datePublished\":\"2020-04-30T09:51:41+00:00\",\"dateModified\":\"2020-06-04T21:08:00+00:00\",\"description\":\"Nuestra cl\u00ednica dental se prepara para la vuelta. Por este motivo, hacemos llegar a nuestros pacientes y amigos un conjunto de \\\"tips\\\" para la reapertura.\",\"breadcrumb\":{\"@id\":\"https:\\\/\\\/dentistafigueres.com\\\/es\\\/reapertura-clinica-dental-covid-19\\\/#breadcrumb\"},\"inLanguage\":\"es\",\"potentialAction\":[{\"@type\":\"ReadAction\",\"target\":[\"https:\\\/\\\/dentistafigueres.com\\\/es\\\/reapertura-clinica-dental-covid-19\\\/\"]}]},{\"@type\":\"ImageObject\",\"inLanguage\":\"es\",\"@id\":\"https:\\\/\\\/dentistafigueres.com\\\/es\\\/reapertura-clinica-dental-covid-19\\\/#primaryimage\",\"url\":\"https:\\\/\\\/dentistafigueres.com\\\/wp-content\\\/uploads\\\/2020\\\/05\\\/clinica-dental-figueres.jpg\",\"contentUrl\":\"https:\\\/\\\/dentistafigueres.com\\\/wp-content\\\/uploads\\\/2020\\\/05\\\/clinica-dental-figueres.jpg\",\"width\":512,\"height\":384,\"caption\":\"cl\u00ednica dental\"},{\"@type\":\"BreadcrumbList\",\"@id\":\"https:\\\/\\\/dentistafigueres.com\\\/es\\\/reapertura-clinica-dental-covid-19\\\/#breadcrumb\",\"itemListElement\":[{\"@type\":\"ListItem\",\"position\":1,\"name\":\"Home\",\"item\":\"https:\\\/\\\/dentistafigueres.com\\\/es\\\/\"},{\"@type\":\"ListItem\",\"position\":2,\"name\":\"Reapertura gradual de la cl\u00ednica dental ante la COVID-19\"}]},{\"@type\":\"WebSite\",\"@id\":\"https:\\\/\\\/dentistafigueres.com\\\/es\\\/#website\",\"url\":\"https:\\\/\\\/dentistafigueres.com\\\/es\\\/\",\"name\":\"Cl\u00ednica Dental Integral\",\"description\":\"Cl\u00ednica dental a Figueres\",\"publisher\":{\"@id\":\"https:\\\/\\\/dentistafigueres.com\\\/es\\\/#organization\"},\"potentialAction\":[{\"@type\":\"SearchAction\",\"target\":{\"@type\":\"EntryPoint\",\"urlTemplate\":\"https:\\\/\\\/dentistafigueres.com\\\/es\\\/?s={search_term_string}\"},\"query-input\":{\"@type\":\"PropertyValueSpecification\",\"valueRequired\":true,\"valueName\":\"search_term_string\"}}],\"inLanguage\":\"es\"},{\"@type\":\"Organization\",\"@id\":\"https:\\\/\\\/dentistafigueres.com\\\/es\\\/#organization\",\"name\":\"Cl\u00ednica Dental Integral\",\"url\":\"https:\\\/\\\/dentistafigueres.com\\\/es\\\/\",\"logo\":{\"@type\":\"ImageObject\",\"inLanguage\":\"es\",\"@id\":\"https:\\\/\\\/dentistafigueres.com\\\/es\\\/#\\\/schema\\\/logo\\\/image\\\/\",\"url\":\"https:\\\/\\\/dentistafigueres.com\\\/wp-content\\\/uploads\\\/2024\\\/06\\\/logo.png\",\"contentUrl\":\"https:\\\/\\\/dentistafigueres.com\\\/wp-content\\\/uploads\\\/2024\\\/06\\\/logo.png\",\"width\":2000,\"height\":823,\"caption\":\"Cl\u00ednica Dental Integral\"},\"image\":{\"@id\":\"https:\\\/\\\/dentistafigueres.com\\\/es\\\/#\\\/schema\\\/logo\\\/image\\\/\"}},{\"@type\":\"Person\",\"@id\":\"https:\\\/\\\/dentistafigueres.com\\\/es\\\/#\\\/schema\\\/person\\\/a4f9c2ee29c0eb7208e573207ddcb631\",\"name\":\"Centre d'Odontologia General Figueres\",\"image\":{\"@type\":\"ImageObject\",\"inLanguage\":\"es\",\"@id\":\"https:\\\/\\\/secure.gravatar.com\\\/avatar\\\/b7fb4cff0b30bb664a3fe8271f60c493235311eb1bb917d43fd79a61ae8e99f8?s=96&d=mm&r=g\",\"url\":\"https:\\\/\\\/secure.gravatar.com\\\/avatar\\\/b7fb4cff0b30bb664a3fe8271f60c493235311eb1bb917d43fd79a61ae8e99f8?s=96&d=mm&r=g\",\"contentUrl\":\"https:\\\/\\\/secure.gravatar.com\\\/avatar\\\/b7fb4cff0b30bb664a3fe8271f60c493235311eb1bb917d43fd79a61ae8e99f8?s=96&d=mm&r=g\",\"caption\":\"Centre d'Odontologia General Figueres\"}}]}<\/script>\n<!-- \/ Yoast SEO plugin. -->","yoast_head_json":{"title":"Cl\u00ednica dental en Figueres: reapertura gradual ante la COVID-19","description":"Nuestra cl\u00ednica dental se prepara para la vuelta. Por este motivo, hacemos llegar a nuestros pacientes y amigos un conjunto de \"tips\" para la reapertura.","robots":{"index":"index","follow":"follow","max-snippet":"max-snippet:-1","max-image-preview":"max-image-preview:large","max-video-preview":"max-video-preview:-1"},"canonical":"https:\/\/dentistafigueres.com\/es\/reapertura-clinica-dental-covid-19\/","og_locale":"es_ES","og_type":"article","og_title":"Cl\u00ednica dental en Figueres: reapertura gradual ante la COVID-19","og_description":"Nuestra cl\u00ednica dental se prepara para la vuelta. Por este motivo, hacemos llegar a nuestros pacientes y amigos un conjunto de \"tips\" para la reapertura.","og_url":"https:\/\/dentistafigueres.com\/es\/reapertura-clinica-dental-covid-19\/","og_site_name":"Cl\u00ednica Dental Integral","article_published_time":"2020-04-30T09:51:41+00:00","article_modified_time":"2020-06-04T21:08:00+00:00","og_image":[{"width":512,"height":384,"url":"https:\/\/dentistafigueres.com\/wp-content\/uploads\/2020\/05\/clinica-dental-figueres.jpg","type":"image\/jpeg"}],"author":"Centre d'Odontologia General Figueres","twitter_card":"summary_large_image","twitter_misc":{"Escrito por":"Centre d'Odontologia General Figueres","Tiempo de lectura":"3 minutos"},"schema":{"@context":"https:\/\/schema.org","@graph":[{"@type":"Article","@id":"https:\/\/dentistafigueres.com\/es\/reapertura-clinica-dental-covid-19\/#article","isPartOf":{"@id":"https:\/\/dentistafigueres.com\/es\/reapertura-clinica-dental-covid-19\/"},"author":{"name":"Centre d'Odontologia General Figueres","@id":"https:\/\/dentistafigueres.com\/es\/#\/schema\/person\/a4f9c2ee29c0eb7208e573207ddcb631"},"headline":"Reapertura gradual de la cl\u00ednica dental ante la COVID-19","datePublished":"2020-04-30T09:51:41+00:00","dateModified":"2020-06-04T21:08:00+00:00","mainEntityOfPage":{"@id":"https:\/\/dentistafigueres.com\/es\/reapertura-clinica-dental-covid-19\/"},"wordCount":649,"commentCount":0,"publisher":{"@id":"https:\/\/dentistafigueres.com\/es\/#organization"},"image":{"@id":"https:\/\/dentistafigueres.com\/es\/reapertura-clinica-dental-covid-19\/#primaryimage"},"thumbnailUrl":"https:\/\/dentistafigueres.com\/wp-content\/uploads\/2020\/05\/clinica-dental-figueres.jpg","articleSection":["Odontologia general"],"inLanguage":"es"},{"@type":"WebPage","@id":"https:\/\/dentistafigueres.com\/es\/reapertura-clinica-dental-covid-19\/","url":"https:\/\/dentistafigueres.com\/es\/reapertura-clinica-dental-covid-19\/","name":"Cl\u00ednica dental en Figueres: reapertura gradual ante la COVID-19","isPartOf":{"@id":"https:\/\/dentistafigueres.com\/es\/#website"},"primaryImageOfPage":{"@id":"https:\/\/dentistafigueres.com\/es\/reapertura-clinica-dental-covid-19\/#primaryimage"},"image":{"@id":"https:\/\/dentistafigueres.com\/es\/reapertura-clinica-dental-covid-19\/#primaryimage"},"thumbnailUrl":"https:\/\/dentistafigueres.com\/wp-content\/uploads\/2020\/05\/clinica-dental-figueres.jpg","datePublished":"2020-04-30T09:51:41+00:00","dateModified":"2020-06-04T21:08:00+00:00","description":"Nuestra cl\u00ednica dental se prepara para la vuelta. Por este motivo, hacemos llegar a nuestros pacientes y amigos un conjunto de \"tips\" para la reapertura.","breadcrumb":{"@id":"https:\/\/dentistafigueres.com\/es\/reapertura-clinica-dental-covid-19\/#breadcrumb"},"inLanguage":"es","potentialAction":[{"@type":"ReadAction","target":["https:\/\/dentistafigueres.com\/es\/reapertura-clinica-dental-covid-19\/"]}]},{"@type":"ImageObject","inLanguage":"es","@id":"https:\/\/dentistafigueres.com\/es\/reapertura-clinica-dental-covid-19\/#primaryimage","url":"https:\/\/dentistafigueres.com\/wp-content\/uploads\/2020\/05\/clinica-dental-figueres.jpg","contentUrl":"https:\/\/dentistafigueres.com\/wp-content\/uploads\/2020\/05\/clinica-dental-figueres.jpg","width":512,"height":384,"caption":"cl\u00ednica dental"},{"@type":"BreadcrumbList","@id":"https:\/\/dentistafigueres.com\/es\/reapertura-clinica-dental-covid-19\/#breadcrumb","itemListElement":[{"@type":"ListItem","position":1,"name":"Home","item":"https:\/\/dentistafigueres.com\/es\/"},{"@type":"ListItem","position":2,"name":"Reapertura gradual de la cl\u00ednica dental ante la COVID-19"}]},{"@type":"WebSite","@id":"https:\/\/dentistafigueres.com\/es\/#website","url":"https:\/\/dentistafigueres.com\/es\/","name":"Cl\u00ednica Dental Integral","description":"Cl\u00ednica dental a Figueres","publisher":{"@id":"https:\/\/dentistafigueres.com\/es\/#organization"},"potentialAction":[{"@type":"SearchAction","target":{"@type":"EntryPoint","urlTemplate":"https:\/\/dentistafigueres.com\/es\/?s={search_term_string}"},"query-input":{"@type":"PropertyValueSpecification","valueRequired":true,"valueName":"search_term_string"}}],"inLanguage":"es"},{"@type":"Organization","@id":"https:\/\/dentistafigueres.com\/es\/#organization","name":"Cl\u00ednica Dental Integral","url":"https:\/\/dentistafigueres.com\/es\/","logo":{"@type":"ImageObject","inLanguage":"es","@id":"https:\/\/dentistafigueres.com\/es\/#\/schema\/logo\/image\/","url":"https:\/\/dentistafigueres.com\/wp-content\/uploads\/2024\/06\/logo.png","contentUrl":"https:\/\/dentistafigueres.com\/wp-content\/uploads\/2024\/06\/logo.png","width":2000,"height":823,"caption":"Cl\u00ednica Dental Integral"},"image":{"@id":"https:\/\/dentistafigueres.com\/es\/#\/schema\/logo\/image\/"}},{"@type":"Person","@id":"https:\/\/dentistafigueres.com\/es\/#\/schema\/person\/a4f9c2ee29c0eb7208e573207ddcb631","name":"Centre d'Odontologia General Figueres","image":{"@type":"ImageObject","inLanguage":"es","@id":"https:\/\/secure.gravatar.com\/avatar\/b7fb4cff0b30bb664a3fe8271f60c493235311eb1bb917d43fd79a61ae8e99f8?s=96&d=mm&r=g","url":"https:\/\/secure.gravatar.com\/avatar\/b7fb4cff0b30bb664a3fe8271f60c493235311eb1bb917d43fd79a61ae8e99f8?s=96&d=mm&r=g","contentUrl":"https:\/\/secure.gravatar.com\/avatar\/b7fb4cff0b30bb664a3fe8271f60c493235311eb1bb917d43fd79a61ae8e99f8?s=96&d=mm&r=g","caption":"Centre d'Odontologia General Figueres"}}]}},"_links":{"self":[{"href":"https:\/\/dentistafigueres.com\/es\/wp-json\/wp\/v2\/posts\/342","targetHints":{"allow":["GET"]}}],"collection":[{"href":"https:\/\/dentistafigueres.com\/es\/wp-json\/wp\/v2\/posts"}],"about":[{"href":"https:\/\/dentistafigueres.com\/es\/wp-json\/wp\/v2\/types\/post"}],"author":[{"embeddable":true,"href":"https:\/\/dentistafigueres.com\/es\/wp-json\/wp\/v2\/users\/1"}],"replies":[{"embeddable":true,"href":"https:\/\/dentistafigueres.com\/es\/wp-json\/wp\/v2\/comments?post=342"}],"version-history":[{"count":0,"href":"https:\/\/dentistafigueres.com\/es\/wp-json\/wp\/v2\/posts\/342\/revisions"}],"wp:featuredmedia":[{"embeddable":true,"href":"https:\/\/dentistafigueres.com\/es\/wp-json\/wp\/v2\/media\/333"}],"wp:attachment":[{"href":"https:\/\/dentistafigueres.com\/es\/wp-json\/wp\/v2\/media?parent=342"}],"wp:term":[{"taxonomy":"category","embeddable":true,"href":"https:\/\/dentistafigueres.com\/es\/wp-json\/wp\/v2\/categories?post=342"},{"taxonomy":"post_tag","embeddable":true,"href":"https:\/\/dentistafigueres.com\/es\/wp-json\/wp\/v2\/tags?post=342"}],"curies":[{"name":"wp","href":"https:\/\/api.w.org\/{rel}","templated":true}]}}